{"id":16877,"date":"2023-07-18T08:34:51","date_gmt":"2023-07-18T08:34:51","guid":{"rendered":"https:\/\/www.temaitaly.com\/el-catalogo-en-linea-disenado-para-los-clientes\/"},"modified":"2023-07-24T13:30:37","modified_gmt":"2023-07-24T13:30:37","slug":"matelec-feria","status":"publish","type":"post","link":"https:\/\/www.temaitaly.com\/es\/matelec-feria\/","title":{"rendered":"TE.M.A. S.p.A. participar\u00e1 a la feria MATELEC"},"content":{"rendered":"<p>[vc_row css=\u00bb.vc_custom_1668076261112{margin-top: 0px !important;margin-bottom: 0px !important;padding-top: 0px !important;padding-bottom: 0px !important;}\u00bb parallax_background=\u00bb\u00bb][vc_column css=\u00bb.vc_custom_1422768980499{padding-top: 45px !important;padding-bottom: 30px !important;}\u00bb][vc_column_text css=\u00bb.vc_custom_1668083553368{margin-top: 0px !important;margin-bottom: 0px !important;padding-top: 0px !important;padding-bottom: 0px !important;}\u00bb]<strong>\u00bfQu\u00e9 es MATELEC?<br \/>\n<\/strong>MATELEC es la feria de referencia para el sector el\u00e9ctrico, electr\u00f3nico y de telecomunicaciones.<br \/>\nSe celebra en el Convenci\u00f3n Center de Madrid desde el 15 hasta al 18 de noviembre 2022 y se espera la participaci\u00f3n de m\u00e1s de 1,600 expositores de todas partes del mundo.<\/p>\n<p><strong>\u00bfDonde puedo encontrar TE.M.A.?<br \/>\n<\/strong>TE.M.A. estar\u00e1 presente para todo el periodo de la feria, nos puede encontrar en el Pabell\u00f3n 6, Stand 6D04.<br \/>\nPara consultar el plano de la feria , haz clic aqu\u00ed <a href=\"https:\/\/www.ifema.es\/planos\/inicio\/ifema-recinto-ferial\/\" target=\"_blank\" rel=\"noopener\">IFEMA MADRID RECINTO FERIAL<\/a><\/p>\n<p><strong>\u00bfQu\u00e9 encontrar\u00e9 en vuestro stand?<br \/>\n<\/strong>En el stand TE.M.A. se encontrar\u00e1 una selecci\u00f3n de nuestros productos, as\u00ed como nuestro personal t\u00e9cnico especializado listo para responder a todas las necesidades.<\/p>\n<p><strong>\u00bfC\u00f3mo puedo visitaros en la feria<\/strong><strong>?<br \/>\n<\/strong>Es necesario un billete para participar a MATELEC y visitar nuestro stand.<br \/>\nPara pedir el billete de entrada, por favor env\u00eda tu solicitud <a href=\"mailto:info@temaitaly.it\">aqu\u00ed<\/a> y responderemos lo antes posible con toda la informaci\u00f3n necesaria.<\/p>\n<p><strong>\u00a1Te esperamos!<\/strong><\/p>\n<p>Para m\u00e1s informaci\u00f3n sobre MATELEC IFEMA 2022, visita el <a href=\"https:\/\/www.ifema.es\/matelec\" target=\"_blank\" rel=\"noopener\">sitio web MATELEC 2022<\/a><u>.<\/u>[\/vc_column_text][\/vc_column][\/vc_row]<\/p>\n","protected":false},"excerpt":{"rendered":"<p>[vc_row css=\u00bb.vc_custom_1668076261112{margin-top: 0px !important;margin-bottom: 0px !important;padding-top: 0px !important;padding-bottom: 0px !important;}\u00bb parallax_background=\u00bb\u00bb][vc_column css=\u00bb.vc_custom_1422768980499{padding-top: 45px !important;padding-bottom: 30px !important;}\u00bb][vc_column_text css=\u00bb.vc_custom_1668083553368{margin-top: 0px !important;margin-bottom: 0px !important;padding-top: 0px !important;padding-bottom: 0px !important;}\u00bb]\u00bfQu\u00e9 es MATELEC? MATELEC es la feria de referencia para el sector el\u00e9ctrico, electr\u00f3nico y de telecomunicaciones. Se celebra en el Convenci\u00f3n Center de Madrid desde el 15 hasta al 18<br \/><a href=\"https:\/\/www.temaitaly.com\/es\/matelec-feria\/\" class=\"more\">Read more<\/a><\/p>\n","protected":false},"author":1,"featured_media":18758,"comment_status":"closed","ping_status":"open","sticky":false,"template":"","format":"standard","meta":[],"categories":[225],"tags":[],"aioseo_notices":[],"_links":{"self":[{"href":"https:\/\/www.temaitaly.com\/es\/wp-json\/wp\/v2\/posts\/16877"}],"collection":[{"href":"https:\/\/www.temaitaly.com\/es\/wp-json\/wp\/v2\/posts"}],"about":[{"href":"https:\/\/www.temaitaly.com\/es\/wp-json\/wp\/v2\/types\/post"}],"author":[{"embeddable":true,"href":"https:\/\/www.temaitaly.com\/es\/wp-json\/wp\/v2\/users\/1"}],"replies":[{"embeddable":true,"href":"https:\/\/www.temaitaly.com\/es\/wp-json\/wp\/v2\/comments?post=16877"}],"version-history":[{"count":1,"href":"https:\/\/www.temaitaly.com\/es\/wp-json\/wp\/v2\/posts\/16877\/revisions"}],"predecessor-version":[{"id":28585,"href":"https:\/\/www.temaitaly.com\/es\/wp-json\/wp\/v2\/posts\/16877\/revisions\/28585"}],"wp:featuredmedia":[{"embeddable":true,"href":"https:\/\/www.temaitaly.com\/es\/wp-json\/wp\/v2\/media\/18758"}],"wp:attachment":[{"href":"https:\/\/www.temaitaly.com\/es\/wp-json\/wp\/v2\/media?parent=16877"}],"wp:term":[{"taxonomy":"category","embeddable":true,"href":"https:\/\/www.temaitaly.com\/es\/wp-json\/wp\/v2\/categories?post=16877"},{"taxonomy":"post_tag","embeddable":true,"href":"https:\/\/www.temaitaly.com\/es\/wp-json\/wp\/v2\/tags?post=16877"}],"curies":[{"name":"wp","href":"https:\/\/api.w.org\/{rel}","templated":true}]}}