{"id":44010,"date":"2023-08-27T13:34:26","date_gmt":"2023-08-27T13:34:26","guid":{"rendered":"https:\/\/www.temaitaly.com\/te-m-a-s-p-a-exposera-a-matelec\/"},"modified":"2023-09-05T08:56:46","modified_gmt":"2023-09-05T08:56:46","slug":"te-m-a-s-p-a-exposera-a-matelec","status":"publish","type":"post","link":"https:\/\/www.temaitaly.com\/fr\/te-m-a-s-p-a-exposera-a-matelec\/","title":{"rendered":"TE.M.A. S.p.A. exposera \u00e0 MATELEC"},"content":{"rendered":"<p>[vc_row css=\u00a0\u00bb.vc_custom_1668076261112{margin-top: 0px !important;margin-bottom: 0px !important;padding-top: 0px !important;padding-bottom: 0px !important;}\u00a0\u00bb parallax_background=\u00a0\u00bb\u00a0\u00bb][vc_column css=\u00a0\u00bb.vc_custom_1422768980499{padding-top: 45px !important;padding-bottom: 30px !important;}\u00a0\u00bb][vc_column_text css=\u00a0\u00bb.vc_custom_1668079309230{margin-top: 0px !important;margin-bottom: 0px !important;padding-top: 0px !important;padding-bottom: 0px !important;}\u00a0\u00bb]<strong>Qu&rsquo;est-ce que MATELEC ?<br \/>\n<\/strong>MATELEC est le principal salon europ\u00e9en de l&rsquo;industrie \u00e9lectrique, \u00e9lectronique et des t\u00e9l\u00e9communications.<br \/>\nIl se tiendra au centre de convention IFEMA de Madrid du 15 au 18 novembre 2022 et r\u00e9unira quelque 1600 exposants de plus de 100 pays du monde entier.<\/p>\n<p><strong>O\u00f9 puis-je trouver TE.M.A. ?<br \/>\n<\/strong>TE.M.A. sera pr\u00e9sent pendant toute la dur\u00e9e du salon, \u00e0 l&rsquo;int\u00e9rieur du Hall 6, au stand 6D04.<\/p>\n<p>Pour un plan de l&rsquo;exposition, cliquez ici <a href=\"https:\/\/www.ifema.es\/planos\/home\/ifema-recinto-ferial\/?lang=en\" target=\"_blank\" rel=\"noopener\">IFEMA MADRID FERIAL FENCING<\/a><\/p>\n<p><strong>Que vais-je trouver sur votre stand ?<br \/>\n<\/strong>Sur le stand de TE.M.A., vous trouverez une s\u00e9lection de nos produits ainsi qu&rsquo;un personnel technique sp\u00e9cialis\u00e9 pr\u00eat \u00e0 r\u00e9pondre \u00e0 tous vos besoins.<\/p>\n<p><strong>Puis-je vous rendre visite \u00e0 la foire ?<br \/>\n<\/strong>Pour assister au MATELEC et visiter le stand de TE.M.A., vous devez vous munir d&rsquo;un billet d&rsquo;entr\u00e9e.<\/p>\n<p>Pour demander votre billet d&rsquo;entr\u00e9e, envoyez votre demande <a href=\"mailto:%20info@temaitaly.it?subject=Fiera%20MATELEC%202022%20Madrid\">ici<\/a> et nous vous r\u00e9pondrons dans les plus brefs d\u00e9lais avec toutes les informations n\u00e9cessaires.<\/p>\n<p>Nous vous attendons !<\/p>\n<p>Pour plus d&rsquo;informations sur MATELEC IFEMA 2022, visitez le site <a href=\"https:\/\/www.ifema.es\/en\/matelec\" target=\"_blank\" rel=\"noopener\">MATELEC 2022 | Salon de l&rsquo;industrie \u00e9lectrique et \u00e9lectronique (ifema.es<\/a>).[\/vc_column_text][\/vc_column][\/vc_row]<\/p>\n","protected":false},"excerpt":{"rendered":"<p>[vc_row css=\u00a0\u00bb.vc_custom_1668076261112{margin-top: 0px !important;margin-bottom: 0px !important;padding-top: 0px !important;padding-bottom: 0px !important;}\u00a0\u00bb parallax_background=\u00a0\u00bb\u00a0\u00bb][vc_column css=\u00a0\u00bb.vc_custom_1422768980499{padding-top: 45px !important;padding-bottom: 30px !important;}\u00a0\u00bb][vc_column_text css=\u00a0\u00bb.vc_custom_1668079309230{margin-top: 0px !important;margin-bottom: 0px !important;padding-top: 0px !important;padding-bottom: 0px !important;}\u00a0\u00bb]Qu&rsquo;est-ce que MATELEC ? MATELEC est le principal salon europ\u00e9en de l&rsquo;industrie \u00e9lectrique, \u00e9lectronique et des t\u00e9l\u00e9communications. Il se tiendra au centre de convention IFEMA de Madrid du 15 au 18<br \/><a href=\"https:\/\/www.temaitaly.com\/fr\/te-m-a-s-p-a-exposera-a-matelec\/\" class=\"more\">Read more<\/a><\/p>\n","protected":false},"author":1,"featured_media":37538,"comment_status":"closed","ping_status":"open","sticky":false,"template":"","format":"standard","meta":[],"categories":[22],"tags":[],"aioseo_notices":[],"_links":{"self":[{"href":"https:\/\/www.temaitaly.com\/fr\/wp-json\/wp\/v2\/posts\/44010"}],"collection":[{"href":"https:\/\/www.temaitaly.com\/fr\/wp-json\/wp\/v2\/posts"}],"about":[{"href":"https:\/\/www.temaitaly.com\/fr\/wp-json\/wp\/v2\/types\/post"}],"author":[{"embeddable":true,"href":"https:\/\/www.temaitaly.com\/fr\/wp-json\/wp\/v2\/users\/1"}],"replies":[{"embeddable":true,"href":"https:\/\/www.temaitaly.com\/fr\/wp-json\/wp\/v2\/comments?post=44010"}],"version-history":[{"count":2,"href":"https:\/\/www.temaitaly.com\/fr\/wp-json\/wp\/v2\/posts\/44010\/revisions"}],"predecessor-version":[{"id":44012,"href":"https:\/\/www.temaitaly.com\/fr\/wp-json\/wp\/v2\/posts\/44010\/revisions\/44012"}],"wp:featuredmedia":[{"embeddable":true,"href":"https:\/\/www.temaitaly.com\/fr\/wp-json\/wp\/v2\/media\/37538"}],"wp:attachment":[{"href":"https:\/\/www.temaitaly.com\/fr\/wp-json\/wp\/v2\/media?parent=44010"}],"wp:term":[{"taxonomy":"category","embeddable":true,"href":"https:\/\/www.temaitaly.com\/fr\/wp-json\/wp\/v2\/categories?post=44010"},{"taxonomy":"post_tag","embeddable":true,"href":"https:\/\/www.temaitaly.com\/fr\/wp-json\/wp\/v2\/tags?post=44010"}],"curies":[{"name":"wp","href":"https:\/\/api.w.org\/{rel}","templated":true}]}}